{"id":4986,"date":"2026-08-17T15:34:28","date_gmt":"2026-08-17T18:34:28","guid":{"rendered":"https:\/\/isfd84-bue.infd.edu.ar\/sitio\/?p=4986"},"modified":"2026-08-17T15:34:30","modified_gmt":"2026-08-17T18:34:30","slug":"17-de-agosto-de-2026-palabras-alusivas-de-docentes","status":"publish","type":"post","link":"https:\/\/isfd84-bue.infd.edu.ar\/sitio\/17-de-agosto-de-2026-palabras-alusivas-de-docentes\/","title":{"rendered":"17 de Agosto de 2026! Palabras alusivas de docentes!"},"content":{"rendered":"\n<p><strong><u>INSTITUTO SUPERIOR DE FORMACI\u00d3N DOCENTE Nro 84<\/u><\/strong><\/p>\n\n\n\n<p><strong>17 de Agosto: Paso a la Inmortalidad del General Jos\u00e9 de San Mart\u00edn<\/strong><\/p>\n\n\n\n<p><strong><u>La gesta sanmartiniana y la construcci\u00f3n de una argentinidad plural<\/u><\/strong><\/p>\n\n\n\n<p>Nos convocamos en esta fecha patria para reflexionar sobre la figura de Jos\u00e9 de San Mart\u00edn desde una perspectiva cr\u00edtica, situada y comprometida con los desaf\u00edos de nuestro tiempo. Recordar el paso a la inmortalidad del Padre de la Patria en el Instituto Superior de Formaci\u00f3n Docente N.\u00ba 84 no es un mero cumplimiento del calendario acad\u00e9mico; es una oportunidad pedag\u00f3gica para volver a preguntarnos qu\u00e9 significa ser argentinos y sobre qu\u00e9 valores construimos nuestra libertad y nuestra identidad colectiva.<\/p>\n\n\n\n<p>San Mart\u00edn no fue \u00fanicamente un estratega militar sin igual; fue el conductor de un proyecto pol\u00edtico y social profundamente humano y transcultural. Lider\u00f3 una gesta que articul\u00f3 a hombres y mujeres de los m\u00e1s diversos or\u00edgenes bajo una misma causa emancipadora: la independencia continental. Sin embargo, pensar su legado en el siglo XXI nos exige superar las visiones simplificadas y edulcoradas que la historia oficial construy\u00f3 durante d\u00e9cadas.<\/p>\n\n\n\n<p>En los \u00faltimos tiempos, diversos debates internacionales sobre la identidad argentina \u2014reavivados y visibilizados masivamente tras el Mundial de F\u00fatbol FIFA 2026&nbsp;&nbsp;&nbsp;&nbsp; \u2014 nos han confrontado con cuestionamientos externos e internos sobre los sesgos raciales y las representaciones de nuestro pa\u00eds. Estas discusiones nos obligan a interpelarnos colectivamente: \u00bfqui\u00e9nes somos verdaderamente los argentinos y de qu\u00e9 manera nos narraron y nos narran ante el mundo?<\/p>\n\n\n\n<p>Durante mucho tiempo, el relato escolar y cultural hegem\u00f3nico construy\u00f3 la idea de una Argentina homog\u00e9nea y predominantemente europea, invisibilizando o relegando al olvido las profundas ra\u00edces afro, mestizas e ind\u00edgenas que cimentaron nuestro suelo. Pero al revisar con rigor el proceso de liberaci\u00f3n sudamericana, nos encontramos con una verdad insoslayable<em>: la independencia no la conquist\u00f3 una elite uniforme, sino que se logr\u00f3 con el esfuerzo, el compromiso y la sangre de una patria constitutivamente plural<\/em>.<\/p>\n\n\n\n<p>M\u00e1s de un tercio de las tropas que cruzaron la cordillera en el Ej\u00e9rcito de los Andes eran libertos y afrodescendientes que conformaron los emblem\u00e1ticos batallones de infanter\u00eda N.\u00ba 7 y N.\u00ba 8. Detr\u00e1s de las grandes victorias militares estuvieron miles de hombres y mujeres marginados que encontraron en la <em>causa sanmartiniana<\/em> la posibilidad real de conquistar su propia libertad. H\u00e9roes como el sargento <strong>Juan Bautista Cabral<\/strong>, de origen afro, o l\u00edderes como <strong>Mar\u00eda Remedios del Valle<\/strong>, encarnan ese hero\u00edsmo que la historia tradicional pretendi\u00f3 matizar. El propio San Mart\u00edn supo reconocer y valorar ese rol insustituible, refiri\u00e9ndose a los soldados afrodescendientes con sincero respeto y afecto como sus mejores tropas.<\/p>\n\n\n\n<p>Reconocer el racismo estructural, las invisibilizaciones hist\u00f3ricas y las deudas del pasado no debilita nuestra identidad nacional; por el contrario, la enriquece, la fortalece y la dota de veracidad. Nos ense\u00f1a que la argentinidad no pertenece a un \u00fanico grupo ni a un estereotipo prefijado. Ser argentino es el resultado de un entramado complejo y diverso de historias, etnias y culturas que lucharon juntas por la justicia, la libertad y la dignidad.<\/p>\n\n\n\n<p>Como comunidad acad\u00e9mica, y especialmente como futuros educadores y formadores de docentes, el mejor homenaje que podemos rendirle al General Jos\u00e9 de San Mart\u00edn no consiste solo en evocar sus batallas en los libros de texto. Nuestro compromiso cotidiano debe ser abrazar y promover una Argentina diversa, justa e inclusiva. Que su ejemplo de unidad en la diversidad nos gu\u00ede en cada aula para seguir construyendo una educaci\u00f3n p\u00fablica donde la argentinidad sea sin\u00f3nimo de memoria, equidad, rechazo absoluto a la discriminaci\u00f3n y respeto irrestricto por los derechos humanos.<\/p>\n","protected":false},"excerpt":{"rendered":"<p>INSTITUTO SUPERIOR DE FORMACI\u00d3N DOCENTE Nro 84 17 de Agosto: Paso a la Inmortalidad del General Jos\u00e9 de San Mart\u00edn La gesta sanmartiniana y la construcci\u00f3n de una argentinidad plural Nos convocamos en esta fecha patria para reflexionar sobre la figura de Jos\u00e9 de San Mart\u00edn desde una perspectiva cr\u00edtica, situada y comprometida con los &#8230; <a title=\"17 de Agosto de 2026! Palabras alusivas de docentes!\" class=\"read-more\" href=\"https:\/\/isfd84-bue.infd.edu.ar\/sitio\/17-de-agosto-de-2026-palabras-alusivas-de-docentes\/\" aria-label=\"More on 17 de Agosto de 2026! Palabras alusivas de docentes!\">[+]<\/a><\/p>\n","protected":false},"author":2001,"featured_media":0,"comment_status":"closed","ping_status":"closed","sticky":false,"template":"","format":"standard","meta":[],"categories":[1],"tags":[],"acf":[],"_links":{"self":[{"href":"https:\/\/isfd84-bue.infd.edu.ar\/sitio\/wp-json\/wp\/v2\/posts\/4986"}],"collection":[{"href":"https:\/\/isfd84-bue.infd.edu.ar\/sitio\/wp-json\/wp\/v2\/posts"}],"about":[{"href":"https:\/\/isfd84-bue.infd.edu.ar\/sitio\/wp-json\/wp\/v2\/types\/post"}],"author":[{"embeddable":true,"href":"https:\/\/isfd84-bue.infd.edu.ar\/sitio\/wp-json\/wp\/v2\/users\/2001"}],"replies":[{"embeddable":true,"href":"https:\/\/isfd84-bue.infd.edu.ar\/sitio\/wp-json\/wp\/v2\/comments?post=4986"}],"version-history":[{"count":1,"href":"https:\/\/isfd84-bue.infd.edu.ar\/sitio\/wp-json\/wp\/v2\/posts\/4986\/revisions"}],"predecessor-version":[{"id":4987,"href":"https:\/\/isfd84-bue.infd.edu.ar\/sitio\/wp-json\/wp\/v2\/posts\/4986\/revisions\/4987"}],"wp:attachment":[{"href":"https:\/\/isfd84-bue.infd.edu.ar\/sitio\/wp-json\/wp\/v2\/media?parent=4986"}],"wp:term":[{"taxonomy":"category","embeddable":true,"href":"https:\/\/isfd84-bue.infd.edu.ar\/sitio\/wp-json\/wp\/v2\/categories?post=4986"},{"taxonomy":"post_tag","embeddable":true,"href":"https:\/\/isfd84-bue.infd.edu.ar\/sitio\/wp-json\/wp\/v2\/tags?post=4986"}],"curies":[{"name":"wp","href":"https:\/\/api.w.org\/{rel}","templated":true}]}}